{"id":3590,"date":"2019-06-28T15:48:38","date_gmt":"2019-06-28T13:48:38","guid":{"rendered":"http:\/\/karategojukai.org\/?p=3590"},"modified":"2019-08-05T11:01:40","modified_gmt":"2019-08-05T09:01:40","slug":"hostterminens-startdatum","status":"publish","type":"post","link":"https:\/\/karategojukai.org\/?p=3590","title":{"rendered":"H\u00f6stterminens startdatum!"},"content":{"rendered":"<p>Sommaren \u00e4r h\u00e4r! Dags att boka h\u00f6sten tr\u00e4ning!<br \/>\nH\u00e4r kan du l\u00e4sa n\u00e4r terminen startar.<!--more--><\/p>\n<p>H\u00d6STTERMINEN 2019!<\/p>\n<p>H\u00e4r kommer startdatumen f\u00f6r h\u00f6stterminen! Planera din sommartr\u00e4ning s\u00e5 att du \u00e4r i form f\u00f6r:<\/p>\n<p>19\/8 Juniorer kl. 17.15, Seniorer kl. 18.30 &#8211; Aspudden<br \/>\n20\/8 Seniorer kl. 18.00 &#8211; Br\u00e4nnkyrkahallen<br \/>\n22\/8 Juniorer kl. 17.15, Seniorer kl. 18.30 &#8211; Aspudden<br \/>\n22\/8 Lunchtr\u00e4ning kl. 12.00 &#8211; Fridhemsplan<br \/>\n23\/8 Barn\/f\u00f6r\u00e4ldrar kl 17.00, Seniorer kl 18.00 &#8211; Br\u00e4nnkyrkahallen<br \/>\nKarate Kids startar m\u00e5ndag 2:a september i Aspudden.<\/p>\n<p>Inte medlem \u00e4nnu? Kom igen, du \u00e4r v\u00e4rd det!<br \/>\nMejla: seinankk@hotmail.com f\u00f6r mera information! V\u00e4lkommen att anm\u00e4la dig till gratis provtr\u00e4ning!<\/p>\n<p>Glad sommar \ud83c\udf3a<br \/>\n\u00f6nskar Instrukt\u00f6rerna<\/p>\n<div id=\"attachment_3591\" style=\"width: 210px\" class=\"wp-caption alignnone\"><a href=\"http:\/\/media2.karategojukai.org\/2019\/06\/KGX6755.jpg\"><img aria-describedby=\"caption-attachment-3591\" decoding=\"async\" loading=\"lazy\" src=\"http:\/\/media2.karategojukai.org\/2019\/06\/KGX6755-200x300.jpg\" alt=\"Kyoshi Shihan Conny Helgesson Ferm, 7 dan.\" width=\"200\" height=\"300\" class=\"size-medium wp-image-3591\" srcset=\"https:\/\/media2.karategojukai.org\/2019\/06\/KGX6755-200x300.jpg 200w, https:\/\/media2.karategojukai.org\/2019\/06\/KGX6755-768x1154.jpg 768w, https:\/\/media2.karategojukai.org\/2019\/06\/KGX6755-681x1024.jpg 681w\" sizes=\"(max-width: 200px) 100vw, 200px\" \/><\/a><p id=\"caption-attachment-3591\" class=\"wp-caption-text\">Kyoshi Shihan Conny Helgesson Ferm, 7 dan.<\/p><\/div>\n<div id=\"attachment_3592\" style=\"width: 210px\" class=\"wp-caption alignnone\"><a href=\"http:\/\/media2.karategojukai.org\/2019\/06\/KGX6788.jpg\"><img aria-describedby=\"caption-attachment-3592\" decoding=\"async\" loading=\"lazy\" src=\"http:\/\/media2.karategojukai.org\/2019\/06\/KGX6788-200x300.jpg\" alt=\"Sensei Emma Helgesson, 4 dan.\" width=\"200\" height=\"300\" class=\"size-medium wp-image-3592\" srcset=\"https:\/\/media2.karategojukai.org\/2019\/06\/KGX6788-200x300.jpg 200w, https:\/\/media2.karategojukai.org\/2019\/06\/KGX6788-768x1154.jpg 768w, https:\/\/media2.karategojukai.org\/2019\/06\/KGX6788-681x1024.jpg 681w\" sizes=\"(max-width: 200px) 100vw, 200px\" \/><\/a><p id=\"caption-attachment-3592\" class=\"wp-caption-text\">Sensei Emma Helgesson, 4 dan.<\/p><\/div>\n<div id=\"attachment_3593\" style=\"width: 210px\" class=\"wp-caption alignnone\"><a href=\"http:\/\/media2.karategojukai.org\/2019\/06\/KGX6801.jpg\"><img aria-describedby=\"caption-attachment-3593\" decoding=\"async\" loading=\"lazy\" src=\"http:\/\/media2.karategojukai.org\/2019\/06\/KGX6801-200x300.jpg\" alt=\"Sempai Richard Kahn, 2 dan.\" width=\"200\" height=\"300\" class=\"size-medium wp-image-3593\" srcset=\"https:\/\/media2.karategojukai.org\/2019\/06\/KGX6801-200x300.jpg 200w, https:\/\/media2.karategojukai.org\/2019\/06\/KGX6801-768x1154.jpg 768w, https:\/\/media2.karategojukai.org\/2019\/06\/KGX6801-681x1024.jpg 681w\" sizes=\"(max-width: 200px) 100vw, 200px\" \/><\/a><p id=\"caption-attachment-3593\" class=\"wp-caption-text\">Sempai Richard Kahn, 2 dan.<\/p><\/div>\n<div id=\"attachment_3594\" style=\"width: 210px\" class=\"wp-caption alignnone\"><a href=\"http:\/\/media2.karategojukai.org\/2019\/06\/KGX6786.jpg\"><img aria-describedby=\"caption-attachment-3594\" decoding=\"async\" loading=\"lazy\" src=\"http:\/\/media2.karategojukai.org\/2019\/06\/KGX6786-200x300.jpg\" alt=\"Sempai Per Melander, 2 dan.\" width=\"200\" height=\"300\" class=\"size-medium wp-image-3594\" srcset=\"https:\/\/media2.karategojukai.org\/2019\/06\/KGX6786-200x300.jpg 200w, https:\/\/media2.karategojukai.org\/2019\/06\/KGX6786-768x1154.jpg 768w, https:\/\/media2.karategojukai.org\/2019\/06\/KGX6786-681x1024.jpg 681w\" sizes=\"(max-width: 200px) 100vw, 200px\" \/><\/a><p id=\"caption-attachment-3594\" class=\"wp-caption-text\">Sempai Per Melander, 2 dan.<\/p><\/div>\n<div id=\"attachment_3596\" style=\"width: 200px\" class=\"wp-caption alignnone\"><a href=\"http:\/\/media2.karategojukai.org\/2019\/06\/KGX6799-e1561729645273.jpg\"><img aria-describedby=\"caption-attachment-3596\" decoding=\"async\" loading=\"lazy\" src=\"http:\/\/media2.karategojukai.org\/2019\/06\/KGX6799-e1561729645273-190x300.jpg\" alt=\"Sempai Susanne H\u00e4german, 2 dan.\" width=\"190\" height=\"300\" class=\"size-medium wp-image-3596\" srcset=\"https:\/\/media2.karategojukai.org\/2019\/06\/KGX6799-e1561729645273-190x300.jpg 190w, https:\/\/media2.karategojukai.org\/2019\/06\/KGX6799-e1561729645273-768x1215.jpg 768w, https:\/\/media2.karategojukai.org\/2019\/06\/KGX6799-e1561729645273-647x1024.jpg 647w\" sizes=\"(max-width: 190px) 100vw, 190px\" \/><\/a><p id=\"caption-attachment-3596\" class=\"wp-caption-text\">Sempai Susanne H\u00e4german, 2 dan.<\/p><\/div>\n<div id=\"attachment_3597\" style=\"width: 210px\" class=\"wp-caption alignnone\"><a href=\"http:\/\/media2.karategojukai.org\/2019\/06\/KGX6781.jpg\"><img aria-describedby=\"caption-attachment-3597\" decoding=\"async\" loading=\"lazy\" src=\"http:\/\/media2.karategojukai.org\/2019\/06\/KGX6781-200x300.jpg\" alt=\"Sempai Olle Svensson, 1 dan.\" width=\"200\" height=\"300\" class=\"size-medium wp-image-3597\" srcset=\"https:\/\/media2.karategojukai.org\/2019\/06\/KGX6781-200x300.jpg 200w, https:\/\/media2.karategojukai.org\/2019\/06\/KGX6781-768x1154.jpg 768w, https:\/\/media2.karategojukai.org\/2019\/06\/KGX6781-681x1024.jpg 681w\" sizes=\"(max-width: 200px) 100vw, 200px\" \/><\/a><p id=\"caption-attachment-3597\" class=\"wp-caption-text\">Sempai Olle Svensson, 1 dan.<\/p><\/div>\n<div id=\"attachment_3598\" style=\"width: 210px\" class=\"wp-caption alignnone\"><a href=\"http:\/\/media2.karategojukai.org\/2019\/06\/DSC5956_055X130.jpg\"><img aria-describedby=\"caption-attachment-3598\" decoding=\"async\" loading=\"lazy\" src=\"http:\/\/media2.karategojukai.org\/2019\/06\/DSC5956_055X130-200x300.jpg\" alt=\"Sempai Maria Quarfordt, 1 dan.\" width=\"200\" height=\"300\" class=\"size-medium wp-image-3598\" srcset=\"https:\/\/media2.karategojukai.org\/2019\/06\/DSC5956_055X130-200x300.jpg 200w, https:\/\/media2.karategojukai.org\/2019\/06\/DSC5956_055X130-768x1154.jpg 768w, https:\/\/media2.karategojukai.org\/2019\/06\/DSC5956_055X130-682x1024.jpg 682w\" sizes=\"(max-width: 200px) 100vw, 200px\" \/><\/a><p id=\"caption-attachment-3598\" class=\"wp-caption-text\">Sempai Maria Quarfordt, 1 dan.<\/p><\/div>\n<p>Fotografer: Michael \u00c5kerlund &#038; Kjell G\u00f6ransson<\/p>\n","protected":false},"excerpt":{"rendered":"<p>Sommaren \u00e4r h\u00e4r! Dags att boka h\u00f6sten tr\u00e4ning! H\u00e4r kan du l\u00e4sa n\u00e4r terminen startar.<\/p>\n","protected":false},"author":2,"featured_media":0,"comment_status":"open","ping_status":"open","sticky":false,"template":"","format":"standard","meta":[],"categories":[5,6,1],"tags":[],"_links":{"self":[{"href":"https:\/\/karategojukai.org\/index.php?rest_route=\/wp\/v2\/posts\/3590"}],"collection":[{"href":"https:\/\/karategojukai.org\/index.php?rest_route=\/wp\/v2\/posts"}],"about":[{"href":"https:\/\/karategojukai.org\/index.php?rest_route=\/wp\/v2\/types\/post"}],"author":[{"embeddable":true,"href":"https:\/\/karategojukai.org\/index.php?rest_route=\/wp\/v2\/users\/2"}],"replies":[{"embeddable":true,"href":"https:\/\/karategojukai.org\/index.php?rest_route=%2Fwp%2Fv2%2Fcomments&post=3590"}],"version-history":[{"count":5,"href":"https:\/\/karategojukai.org\/index.php?rest_route=\/wp\/v2\/posts\/3590\/revisions"}],"predecessor-version":[{"id":3628,"href":"https:\/\/karategojukai.org\/index.php?rest_route=\/wp\/v2\/posts\/3590\/revisions\/3628"}],"wp:attachment":[{"href":"https:\/\/karategojukai.org\/index.php?rest_route=%2Fwp%2Fv2%2Fmedia&parent=3590"}],"wp:term":[{"taxonomy":"category","embeddable":true,"href":"https:\/\/karategojukai.org\/index.php?rest_route=%2Fwp%2Fv2%2Fcategories&post=3590"},{"taxonomy":"post_tag","embeddable":true,"href":"https:\/\/karategojukai.org\/index.php?rest_route=%2Fwp%2Fv2%2Ftags&post=3590"}],"curies":[{"name":"wp","href":"https:\/\/api.w.org\/{rel}","templated":true}]}}