{"id":236,"date":"2010-02-09T16:20:21","date_gmt":"2010-02-09T14:20:21","guid":{"rendered":"http:\/\/wp.karategojukai.org\/?p=236"},"modified":"2010-02-09T16:20:21","modified_gmt":"2010-02-09T14:20:21","slug":"ludvig-allfors-ericsson-8","status":"publish","type":"post","link":"https:\/\/karategojukai.org\/?p=236","title":{"rendered":"Ludvig Allfors Ericsson, 8"},"content":{"rendered":"<p><strong>Karateka p\u00e5 8 \u00e5r!<br \/>\nLudvig Allfors Ericsson \u00e4r 8 \u00e5r gammal och tr\u00e4nar karate tv\u00e5 g\u00e5nger i veckan i juniorgruppen i Aspudden.<\/strong><!--more--><\/p>\n<p><em> <\/em><\/p>\n<div id=\"attachment_466\" style=\"width: 210px\" class=\"wp-caption alignright\"><em><em><a href=\"http:\/\/media.karategojukai.org\/2010\/02\/Ludvig01.jpg\"><img aria-describedby=\"caption-attachment-466\" decoding=\"async\" loading=\"lazy\" class=\"size-medium wp-image-466\" title=\"Ludvig, 8, tr\u00e4nar tv\u00e5 g\u00e5nger i veckan.\" src=\"http:\/\/media.karategojukai.org\/2010\/02\/Ludvig01-264x300.jpg\" alt=\"Ludvig, 8, tr\u00e4nar tv\u00e5 g\u00e5nger i veckan.\" width=\"200\" height=\"227\" \/><\/a><\/em><\/em><p id=\"caption-attachment-466\" class=\"wp-caption-text\">Ludvig, 8, tr\u00e4nar tv\u00e5 g\u00e5nger i veckan.<\/p><\/div>\n<p><em>Varf\u00f6r b\u00f6rjade du med karate?<\/em><br \/>\nJag b\u00f6rjade med karate f\u00f6r att det verkade roligt och jag hade sett en lapp om karate d\u00e4r jag bor.<br \/>\n<em>Hur l\u00e4nge har du tr\u00e4nat?<\/em><br \/>\nJag har tr\u00e4nat i tre terminer, tv\u00e5 p\u00e5 karate kids och en i juniorgruppen.<br \/>\n<em>Vilken grad har du nu?<br \/>\n<\/em>Jag har tionde mon.<br \/>\n<em>N\u00e4r \u00e4r det dags att gradera n\u00e4sta g\u00e5ng?<\/em><br \/>\nN\u00e4sta gradering \u00e4r i mars -09.<\/p>\n<h2>T\u00e4vlingar<\/h2>\n<p><em>Har du varit med i n\u00e5gon t\u00e4vling?<br \/>\n<\/em>Jag var med i klubbm\u00e4sterskapet f\u00f6rra \u00e5ret.<br \/>\n<em>Ber\u00e4tta lite, hur var det\u00a0\u2013 nerv\u00f6st? Roligt?<br \/>\n<\/em>Det var j\u00e4ttenerv\u00f6st innan t\u00e4vlingen b\u00f6rjade f\u00f6r jag visste inte riktigt hur jag skulle g\u00f6ra.<br \/>\nMen efter att jag f\u00e5tt tips fr\u00e5n en av de stora s\u00e5 k\u00e4ndes det b\u00e4ttre.<br \/>\nN\u00e4r vi v\u00e4l b\u00f6rjade med v\u00e5ra kator var det roligt och jag kom tv\u00e5a.<br \/>\n<em>Kommer du att t\u00e4vla igen och i s\u00e5dana fall n\u00e4r?<\/em><br \/>\nJag t\u00e4nker vara med i Katapokalen i v\u00e5r och kanske n\u00e5gon fler t\u00e4vling om det g\u00e5r bra i den f\u00f6rsta.<\/p>\n<h2>Karaten och framtiden<\/h2>\n<p><em>Vad \u00e4r det sv\u00e5raste med att tr\u00e4na karate?<\/em><br \/>\nDet sv\u00e5raste med karate \u00e4r att l\u00e4ra sig n\u00e5got nytt f\u00f6r \u00e4ven n\u00e4r det ser l\u00e4tt ut n\u00e4r tr\u00e4naren visar \u00e4r det sv\u00e5rt att g\u00f6ra r\u00e4tt sj\u00e4lv.<br \/>\n<em>Vad \u00e4r det roligaste med att tr\u00e4na karate?<br \/>\n<\/em>Att man f\u00e5r l\u00e4ra sig nya saker.<br \/>\n<em>Har du n\u00e5got m\u00e5l i framtiden med karatetr\u00e4ningen\/t\u00e4vlandet?<\/em><br \/>\nJag vill f\u00e5 svart b\u00e4lte och kanske t\u00e4vla i kata n\u00e4r jag blir st\u00f6rre.<br \/>\n<em>Vad g\u00f6r du helst p\u00e5 fritiden n\u00e4r du inte tr\u00e4nar karate?<\/em><br \/>\nJag leker med mina kompisar och spelar g\u00e4rna tv-spel.<\/p>\n<p><span style=\"font-size: xx-small;\"><em>Intervju: Emma Helgesson<br \/>\n<\/em><\/span><em><span style=\"font-size: xx-small;\">Foto: Johan Ericsson<\/span><\/em><\/p>\n","protected":false},"excerpt":{"rendered":"<p>Karateka p\u00e5 8 \u00e5r! Ludvig Allfors Ericsson \u00e4r 8 \u00e5r gammal och tr\u00e4nar karate tv\u00e5 g\u00e5nger i veckan i juniorgruppen i Aspudden.<\/p>\n","protected":false},"author":1,"featured_media":0,"comment_status":"open","ping_status":"open","sticky":false,"template":"","format":"standard","meta":[],"categories":[4],"tags":[],"_links":{"self":[{"href":"https:\/\/karategojukai.org\/index.php?rest_route=\/wp\/v2\/posts\/236"}],"collection":[{"href":"https:\/\/karategojukai.org\/index.php?rest_route=\/wp\/v2\/posts"}],"about":[{"href":"https:\/\/karategojukai.org\/index.php?rest_route=\/wp\/v2\/types\/post"}],"author":[{"embeddable":true,"href":"https:\/\/karategojukai.org\/index.php?rest_route=\/wp\/v2\/users\/1"}],"replies":[{"embeddable":true,"href":"https:\/\/karategojukai.org\/index.php?rest_route=%2Fwp%2Fv2%2Fcomments&post=236"}],"version-history":[{"count":0,"href":"https:\/\/karategojukai.org\/index.php?rest_route=\/wp\/v2\/posts\/236\/revisions"}],"wp:attachment":[{"href":"https:\/\/karategojukai.org\/index.php?rest_route=%2Fwp%2Fv2%2Fmedia&parent=236"}],"wp:term":[{"taxonomy":"category","embeddable":true,"href":"https:\/\/karategojukai.org\/index.php?rest_route=%2Fwp%2Fv2%2Fcategories&post=236"},{"taxonomy":"post_tag","embeddable":true,"href":"https:\/\/karategojukai.org\/index.php?rest_route=%2Fwp%2Fv2%2Ftags&post=236"}],"curies":[{"name":"wp","href":"https:\/\/api.w.org\/{rel}","templated":true}]}}