{"id":233,"date":"2010-02-09T16:16:33","date_gmt":"2010-02-09T14:16:33","guid":{"rendered":"http:\/\/wp.karategojukai.org\/?p=233"},"modified":"2010-02-09T16:16:33","modified_gmt":"2010-02-09T14:16:33","slug":"per-melander-45","status":"publish","type":"post","link":"https:\/\/karategojukai.org\/?p=233","title":{"rendered":"Per Melander, 45"},"content":{"rendered":"<p>F\u00f6rlagschefen gillar kata!<br \/>\nPer \u00e4r idag chef p\u00e5 Hjemmet Mortensen AB som ger ut sju tidningar och en webbplats. D\u00e4ribland finns Utemagasinet, \u00c5ka skidor och Din Teknik. Karri\u00e4rtoppen \u00e4r n\u00e4stan n\u00e5dd, vill s\u00e4ga&#8230; Men Per slutar inte ta utmaningar.<!--more--><\/p>\n<p>&#8221;Jag gillar utmaningen att l\u00e4ra mig en ny kata (f\u00f6rutbest\u00e4mt r\u00f6relsem\u00f6nster)&#8221;, s\u00e4ger han. &#8221;Men \u00e4ven alla typer av kumite (fight) \u00e4r ocks\u00e5 v\u00e4ldigt roliga&#8221;, forts\u00e4tter Per.<\/p>\n<h2>B\u00f6rjade vid 17 \u00e5rs \u00e5lder<\/h2>\n<p>Per \u00e4r 45 \u00e5r och sedan 20 \u00e5r tillbaka ihop med Margareta. Deras gemen-samma son Wille \u00e4r \u00e5tta \u00e5r gammal. Per var sj\u00e4lv 17 n\u00e4r han b\u00f6rjade tr\u00e4na karatestilen shotokan upp till andra kyu (brunt b\u00e4lte med ett svart streck). Sedan fick han jobb, flyttade och slutade med karate.<br \/>\n&#8221;Nu n\u00e4r jag har b\u00f6rjat igen t\u00e4nker jag h\u00e5lla p\u00e5 resten av livet. Det finns ingen tr\u00e4ning som \u00e4r roligare&#8221;, f\u00f6rs\u00e4krar han.<\/p>\n<p>P\u00e5 Gojukai Seinan KK blev han uppm\u00e4rksam genom en v\u00e4n som gick p\u00e5 dagtr\u00e4ningen. Nuf\u00f6rtiden tr\u00e4nar Per karate tre g\u00e5nger i veckan: tv\u00e5 g\u00e5nger p\u00e5 dagen vid Fridhemsplan och en g\u00e5ng p\u00e5 kv\u00e4llen vid Aspudden.<br \/>\n&#8221;N\u00e4r jag har tr\u00e4nat p\u00e5 dagen, kan jag g\u00f6ra annat p\u00e5 kv\u00e4llen&#8221;.<\/p>\n<h2>Gillar \u00e4ventyr<\/h2>\n<p>Och Per har verkligen mycket annat f\u00f6r sig f\u00f6rutom att umg\u00e5s med familjen. Han paddlar havskajak, hojar mountainbike i skogen, \u00e5kte mycket skidor och springer g\u00e4rna.<\/p>\n<p>&#8221;Chefen har anm\u00e4lt mig och resten av ledningen till Midnattsloppet i sommar&#8221;, avsl\u00f6jar Pelle &#8211; som hans kompisar och kolleger kallar honom f\u00f6r. Det han gillar b\u00e4st f\u00f6rutom karate \u00e4r att resa f\u00f6r att verkligen uppleva n\u00e5got.<br \/>\n&#8221;Sol och sand st\u00e5r jag bara ut med korta stunder&#8221;, p\u00e5pekar han med sj\u00e4lvklarhet.<\/p>\n<p>\u00c4ventyret l\u00e4t i alla fall sommaren 2006 inte l\u00e4nge v\u00e4nta p\u00e5 sig, n\u00e4r Pelle och tv\u00e5 kompisar paddlade kajak l\u00e4ngs gr\u00f6nl\u00e4ndska v\u00e4stkusten. Pl\u00f6tsligt d\u00f6k en 15 meter l\u00e5ng kn\u00f6lval upp tre meter fr\u00e5n deras kajaker.<br \/>\n&#8221;Gissa om vi blev skraja!?&#8221;<\/p>\n<h2>Klarar jobbet b\u00e4ttre med karate<\/h2>\n<p>Senaste g\u00e5ngen Per graderade var i oktober 2006. D\u00e5 klev han upp till femte kyu (gr\u00f6nt b\u00e4lte med ett brunt streck). Just nu k\u00e4mpar han med kata Tensho.<\/p>\n<p>Det \u00e4r dock inte bara utmaningen som lockar Per att tr\u00e4na karate, utan han vill bli starkare b\u00e5de fysiskt och psykiskt.<br \/>\n&#8221;Tr\u00e4ningen g\u00f6r att jag m\u00e5r bra. S\u00e5 klarar jag mer p\u00e5 jobbet och orkar mer p\u00e5 fritiden. Annars blir jag rastl\u00f6s och irriterad&#8221;.<\/p>\n<p>\u00c4ven hans familj ser g\u00e4rna att Per forts\u00e4tter med karate:<br \/>\n&#8221;Maggan gillar att jag h\u00e5ller i g\u00e5ng och att jag har blivit mer intresserad av karate med \u00e5ren&#8221;.<br \/>\nKarate verkar allts\u00e5 i Pelles fall ge honom mycket av det han tycker mest om: utmaningar, styrka f\u00f6r jobb och fritid, samt en glad familj.<strong><em><\/em><\/strong><\/p>\n<p><strong><em>Text\/bild Konstantin Cosmin Irina, maj 2007<\/em><\/strong><\/p>\n","protected":false},"excerpt":{"rendered":"<p>F\u00f6rlagschefen gillar kata! Per \u00e4r idag chef p\u00e5 Hjemmet Mortensen AB som ger ut sju tidningar och en webbplats. D\u00e4ribland finns Utemagasinet, \u00c5ka skidor och Din Teknik. Karri\u00e4rtoppen \u00e4r n\u00e4stan n\u00e5dd, vill s\u00e4ga&#8230; Men Per slutar inte ta utmaningar.<\/p>\n","protected":false},"author":1,"featured_media":0,"comment_status":"open","ping_status":"open","sticky":false,"template":"","format":"standard","meta":[],"categories":[4],"tags":[],"_links":{"self":[{"href":"https:\/\/karategojukai.org\/index.php?rest_route=\/wp\/v2\/posts\/233"}],"collection":[{"href":"https:\/\/karategojukai.org\/index.php?rest_route=\/wp\/v2\/posts"}],"about":[{"href":"https:\/\/karategojukai.org\/index.php?rest_route=\/wp\/v2\/types\/post"}],"author":[{"embeddable":true,"href":"https:\/\/karategojukai.org\/index.php?rest_route=\/wp\/v2\/users\/1"}],"replies":[{"embeddable":true,"href":"https:\/\/karategojukai.org\/index.php?rest_route=%2Fwp%2Fv2%2Fcomments&post=233"}],"version-history":[{"count":0,"href":"https:\/\/karategojukai.org\/index.php?rest_route=\/wp\/v2\/posts\/233\/revisions"}],"wp:attachment":[{"href":"https:\/\/karategojukai.org\/index.php?rest_route=%2Fwp%2Fv2%2Fmedia&parent=233"}],"wp:term":[{"taxonomy":"category","embeddable":true,"href":"https:\/\/karategojukai.org\/index.php?rest_route=%2Fwp%2Fv2%2Fcategories&post=233"},{"taxonomy":"post_tag","embeddable":true,"href":"https:\/\/karategojukai.org\/index.php?rest_route=%2Fwp%2Fv2%2Ftags&post=233"}],"curies":[{"name":"wp","href":"https:\/\/api.w.org\/{rel}","templated":true}]}}